{"id":7596,"date":"2022-09-19T14:55:19","date_gmt":"2022-09-19T12:55:19","guid":{"rendered":"https:\/\/www.lazarushospiz.de\/?p=7596"},"modified":"2024-01-30T15:52:05","modified_gmt":"2024-01-30T14:52:05","slug":"10-jahre-kooperation-lazarus-hospiz-berlin-denkmal-hospiz-oswiecim","status":"publish","type":"post","link":"https:\/\/www.lazarushospiz.de\/tr\/10-jahre-kooperation-lazarus-hospiz-berlin-denkmal-hospiz-oswiecim\/","title":{"rendered":"10 Jahre Kooperation Lazarus Hospiz Berlin: Denkmal-Hospiz O\u015bwi\u0119cim"},"content":{"rendered":"<p>Sehr geehrte Damen und Herren,<\/p>\n<p>vor 10 Jahren haben wir die Kooperationsvereinbarung mit dem Denkmal-Hospiz O\u015bwi\u0119cim geschlossen. Dar\u00fcber wollen wir uns austauschen, das wollen wir mit den Kolleg*innen aus dem Denkmal-Hospiz und mit Ihnen gemeinsam feiern.<\/p>\n<p>Wir laden Sie herzlich ein <strong>am 19. Oktober 2023 um 17.30 Uhr im Festsaal, Lazarus Haus Berlin, Bernauer Stra\u00dfe 117, 13355 Berlin, <\/strong>mit dabei zu sein.<br \/>\nEs erwartet Sie eine Podiumsdiskussion zum Thema kulturelle Unterschiede in der Kommunikation zum Thema Tod, Sterben und Trauer. Anschlie\u00dfend lassen wir die Feier mit anschlie\u00dfendem Abendbrot ausklingen. Der Lazarus Posaunen Chor wird den Abend musikalisch umrahmen.<\/p>\n<p>Viele Gr\u00fc\u00dfe<\/p>\n<p><strong>Martin Wulff\u00a0 \u00a0 \u00a0 \u00a0 \u00a0 \u00a0 \u00a0 \u00a0 \u00a0 Anette Adam\u00a0 \u00a0 \u00a0 \u00a0 \u00a0 \u00a0 \u00a0 \u00a0 \u00a0 Elizabeth Schmidt-Pabst<\/strong><br \/>\n<em>Gesch\u00e4ftsf\u00fchrer\u00a0 \u00a0 \u00a0 \u00a0 \u00a0 \u00a0 \u00a0Hospizleiterin\u00a0 \u00a0 \u00a0 \u00a0 \u00a0 \u00a0 \u00a0 \u00a0 \u00a0 Leiterin Ambulanter Hospizdienst<\/em><\/p>\n<p>Wir bitten um Anmeldung bis 12.10.2023 unter:<br \/>\nMail: <a href=\"&#x6d;&#x61;&#x69;&#108;&#116;o:&#x50;&#x2e;&#x50;&#111;&#109;re&#x68;&#x6e;&#x40;&#108;&#111;be&#x74;&#x61;&#x6c;&#46;&#100;e\">&#x50;&#46;&#x50;&#x6f;&#109;&#x72;&#101;h&#x6e;&#64;l&#x6f;&#98;e&#x74;&#97;l&#x2e;&#100;&#x65;<\/a><br \/>\nTel: <a href=\"tel:3046705272\">030 46705-272<\/a><\/p>\n","protected":false},"excerpt":{"rendered":"<p>Sehr geehrte Damen und Herren, vor 10 Jahren haben wir die Kooperationsvereinbarung mit dem Denkmal-Hospiz O\u015bwi\u0119cim geschlossen. Dar\u00fcber wollen wir uns austauschen, das wollen wir mit den Kolleg*innen aus dem Denkmal-Hospiz und mit Ihnen gemeinsam feiern. Wir laden Sie herzlich [&hellip;]<\/p>\n","protected":false},"author":2,"featured_media":0,"comment_status":"closed","ping_status":"open","sticky":false,"template":"","format":"standard","meta":{"_acf_changed":false,"site-sidebar-layout":"default","site-content-layout":"","ast-site-content-layout":"default","site-content-style":"default","site-sidebar-style":"default","ast-global-header-display":"","ast-banner-title-visibility":"","ast-main-header-display":"","ast-hfb-above-header-display":"","ast-hfb-below-header-display":"","ast-hfb-mobile-header-display":"","site-post-title":"","ast-breadcrumbs-content":"","ast-featured-img":"","footer-sml-layout":"","ast-disable-related-posts":"","theme-transparent-header-meta":"default","adv-header-id-meta":"","stick-header-meta":"default","header-above-stick-meta":"","header-main-stick-meta":"","header-below-stick-meta":"","astra-migrate-meta-layouts":"set","ast-page-background-enabled":"default","ast-page-background-meta":{"desktop":{"background-color":"","background-image":"","background-repeat":"repeat","background-position":"center center","background-size":"auto","background-attachment":"scroll","background-type":"","background-media":"","overlay-type":"","overlay-color":"","overlay-opacity":"","overlay-gradient":""},"tablet":{"background-color":"","background-image":"","background-repeat":"repeat","background-position":"center center","background-size":"auto","background-attachment":"scroll","background-type":"","background-media":"","overlay-type":"","overlay-color":"","overlay-opacity":"","overlay-gradient":""},"mobile":{"background-color":"","background-image":"","background-repeat":"repeat","background-position":"center center","background-size":"auto","background-attachment":"scroll","background-type":"","background-media":"","overlay-type":"","overlay-color":"","overlay-opacity":"","overlay-gradient":""}},"ast-content-background-meta":{"desktop":{"background-color":"var(--ast-global-color-5)","background-image":"","background-repeat":"repeat","background-position":"center center","background-size":"auto","background-attachment":"scroll","background-type":"","background-media":"","overlay-type":"","overlay-color":"","overlay-opacity":"","overlay-gradient":""},"tablet":{"background-color":"var(--ast-global-color-5)","background-image":"","background-repeat":"repeat","background-position":"center center","background-size":"auto","background-attachment":"scroll","background-type":"","background-media":"","overlay-type":"","overlay-color":"","overlay-opacity":"","overlay-gradient":""},"mobile":{"background-color":"var(--ast-global-color-5)","background-image":"","background-repeat":"repeat","background-position":"center center","background-size":"auto","background-attachment":"scroll","background-type":"","background-media":"","overlay-type":"","overlay-color":"","overlay-opacity":"","overlay-gradient":""}},"footnotes":""},"categories":[11],"tags":[],"class_list":["post-7596","post","type-post","status-publish","format-standard","hentry","category-veranstaltungen"],"acf":[],"_links":{"self":[{"href":"https:\/\/www.lazarushospiz.de\/tr\/wp-json\/wp\/v2\/posts\/7596","targetHints":{"allow":["GET"]}}],"collection":[{"href":"https:\/\/www.lazarushospiz.de\/tr\/wp-json\/wp\/v2\/posts"}],"about":[{"href":"https:\/\/www.lazarushospiz.de\/tr\/wp-json\/wp\/v2\/types\/post"}],"author":[{"embeddable":true,"href":"https:\/\/www.lazarushospiz.de\/tr\/wp-json\/wp\/v2\/users\/2"}],"replies":[{"embeddable":true,"href":"https:\/\/www.lazarushospiz.de\/tr\/wp-json\/wp\/v2\/comments?post=7596"}],"version-history":[{"count":14,"href":"https:\/\/www.lazarushospiz.de\/tr\/wp-json\/wp\/v2\/posts\/7596\/revisions"}],"predecessor-version":[{"id":7616,"href":"https:\/\/www.lazarushospiz.de\/tr\/wp-json\/wp\/v2\/posts\/7596\/revisions\/7616"}],"wp:attachment":[{"href":"https:\/\/www.lazarushospiz.de\/tr\/wp-json\/wp\/v2\/media?parent=7596"}],"wp:term":[{"taxonomy":"category","embeddable":true,"href":"https:\/\/www.lazarushospiz.de\/tr\/wp-json\/wp\/v2\/categories?post=7596"},{"taxonomy":"post_tag","embeddable":true,"href":"https:\/\/www.lazarushospiz.de\/tr\/wp-json\/wp\/v2\/tags?post=7596"}],"curies":[{"name":"wp","href":"https:\/\/api.w.org\/{rel}","templated":true}]}}